{"id":6385,"date":"2025-10-30T08:39:45","date_gmt":"2025-10-30T13:39:45","guid":{"rendered":"https:\/\/centrocic.com\/?p=6385"},"modified":"2025-10-30T16:52:22","modified_gmt":"2025-10-30T21:52:22","slug":"centro-cic-lamenta-el-fallecimiento-del-dr-omar-buritica","status":"publish","type":"post","link":"https:\/\/centrocic.com\/en\/centro-cic-lamenta-el-fallecimiento-del-dr-omar-buritica\/","title":{"rendered":"Centro CIC lamenta el fallecimiento del Dr. Omar Buritic\u00e1"},"content":{"rendered":"<div data-elementor-type=\"wp-post\" data-elementor-id=\"6385\" class=\"elementor elementor-6385\" data-elementor-post-type=\"post\">\n\t\t\t\t\t\t<section class=\"elementor-section elementor-top-section elementor-element elementor-element-5373e3c elementor-section-boxed elementor-section-height-default elementor-section-height-default\" data-id=\"5373e3c\" data-element_type=\"section\" data-e-type=\"section\">\n\t\t\t\t\t\t<div class=\"elementor-container elementor-column-gap-default\">\n\t\t\t\t\t<div class=\"elementor-column elementor-col-100 elementor-top-column elementor-element elementor-element-1c740f8\" data-id=\"1c740f8\" data-element_type=\"column\" data-e-type=\"column\">\n\t\t\t<div class=\"elementor-widget-wrap elementor-element-populated\">\n\t\t\t\t\t\t<div class=\"elementor-element elementor-element-9a1ce4b elementor-widget elementor-widget-image\" data-id=\"9a1ce4b\" data-element_type=\"widget\" data-e-type=\"widget\" data-widget_type=\"image.default\">\n\t\t\t\t<div class=\"elementor-widget-container\">\n\t\t\t\t\t\t\t\t\t\t\t\t\t\t\t<img fetchpriority=\"high\" decoding=\"async\" width=\"800\" height=\"800\" src=\"https:\/\/centrocic.com\/wp-content\/uploads\/2025\/10\/Plantilla-Imagen-destacada-blog2.png\" class=\"attachment-large size-large wp-image-6392\" alt=\"\" srcset=\"https:\/\/centrocic.com\/wp-content\/uploads\/2025\/10\/Plantilla-Imagen-destacada-blog2.png 800w, https:\/\/centrocic.com\/wp-content\/uploads\/2025\/10\/Plantilla-Imagen-destacada-blog2-300x300.png 300w, https:\/\/centrocic.com\/wp-content\/uploads\/2025\/10\/Plantilla-Imagen-destacada-blog2-150x150.png 150w, https:\/\/centrocic.com\/wp-content\/uploads\/2025\/10\/Plantilla-Imagen-destacada-blog2-768x768.png 768w, https:\/\/centrocic.com\/wp-content\/uploads\/2025\/10\/Plantilla-Imagen-destacada-blog2-12x12.png 12w\" sizes=\"(max-width: 800px) 100vw, 800px\" \/>\t\t\t\t\t\t\t\t\t\t\t\t\t\t\t<\/div>\n\t\t\t\t<\/div>\n\t\t\t\t<div class=\"elementor-element elementor-element-75032c6 elementor-widget elementor-widget-text-editor\" data-id=\"75032c6\" data-element_type=\"widget\" data-e-type=\"widget\" data-widget_type=\"text-editor.default\">\n\t\t\t\t<div class=\"elementor-widget-container\">\n\t\t\t\t\t\t\t\t\t<p>La Cl\u00ednica CIC y el Grupo CIC lamentan profundamente el fallecimiento del Dr. Omar Buritic\u00e1, destacado neur\u00f3logo, docente e investigador, quien hizo parte de nuestro grupo de investigaci\u00f3n hace algunos a\u00f1os, dejando una huella significativa por su rigor cient\u00edfico, calidad humana y compromiso con el avance de la medicina.<\/p><p>Nos unimos al sentimiento de pesar de su familia, colegas y amigos, as\u00ed como de la comunidad acad\u00e9mica de la Universidad de Antioquia, donde desarroll\u00f3 gran parte de su trayectoria profesional y docente.<\/p><p>Recordamos con gratitud su paso por nuestra instituci\u00f3n y su valioso aporte a la investigaci\u00f3n m\u00e9dica, que continuar\u00e1 inspirando a las nuevas generaciones de profesionales de la salud.<\/p><p>Con respeto y aprecio,<br \/>Cl\u00ednica CIC \u2013 Grupo CIC<\/p>\t\t\t\t\t\t\t\t<\/div>\n\t\t\t\t<\/div>\n\t\t\t\t\t<\/div>\n\t\t<\/div>\n\t\t\t\t\t<\/div>\n\t\t<\/section>\n\t\t\t\t<\/div>","protected":false},"excerpt":{"rendered":"<p>La Cl\u00ednica CIC y el Grupo CIC lamentan profundamente el fallecimiento del Dr. Omar Buritic\u00e1, destacado neur\u00f3logo, docente e investigador, quien hizo parte de nuestro grupo de investigaci\u00f3n hace algunos a\u00f1os, dejando una huella significativa por su rigor cient\u00edfico, calidad humana y compromiso con el avance de la medicina.<\/p>","protected":false},"author":7,"featured_media":6392,"comment_status":"closed","ping_status":"closed","sticky":false,"template":"","format":"standard","meta":{"footnotes":""},"categories":[1],"tags":[],"class_list":["post-6385","post","type-post","status-publish","format-standard","has-post-thumbnail","hentry","category-general"],"aioseo_notices":[],"_links":{"self":[{"href":"https:\/\/centrocic.com\/en\/wp-json\/wp\/v2\/posts\/6385","targetHints":{"allow":["GET"]}}],"collection":[{"href":"https:\/\/centrocic.com\/en\/wp-json\/wp\/v2\/posts"}],"about":[{"href":"https:\/\/centrocic.com\/en\/wp-json\/wp\/v2\/types\/post"}],"author":[{"embeddable":true,"href":"https:\/\/centrocic.com\/en\/wp-json\/wp\/v2\/users\/7"}],"replies":[{"embeddable":true,"href":"https:\/\/centrocic.com\/en\/wp-json\/wp\/v2\/comments?post=6385"}],"version-history":[{"count":4,"href":"https:\/\/centrocic.com\/en\/wp-json\/wp\/v2\/posts\/6385\/revisions"}],"predecessor-version":[{"id":6389,"href":"https:\/\/centrocic.com\/en\/wp-json\/wp\/v2\/posts\/6385\/revisions\/6389"}],"wp:featuredmedia":[{"embeddable":true,"href":"https:\/\/centrocic.com\/en\/wp-json\/wp\/v2\/media\/6392"}],"wp:attachment":[{"href":"https:\/\/centrocic.com\/en\/wp-json\/wp\/v2\/media?parent=6385"}],"wp:term":[{"taxonomy":"category","embeddable":true,"href":"https:\/\/centrocic.com\/en\/wp-json\/wp\/v2\/categories?post=6385"},{"taxonomy":"post_tag","embeddable":true,"href":"https:\/\/centrocic.com\/en\/wp-json\/wp\/v2\/tags?post=6385"}],"curies":[{"name":"wp","href":"https:\/\/api.w.org\/{rel}","templated":true}]}}